{"id":5261,"date":"2023-09-19T18:30:04","date_gmt":"2023-09-19T18:30:04","guid":{"rendered":"https:\/\/deltacultura.designkarussell.com\/o-pescador-barbudo-contado-por-marisa-cofundadora-delta-cultura-diretora-cultural\/"},"modified":"2023-09-27T11:48:22","modified_gmt":"2023-09-27T11:48:22","slug":"o-pescador-barbudo-contado-por-marisa-cofundadora-delta-cultura-diretora-cultural","status":"publish","type":"post","link":"https:\/\/www.deltacultura.org\/pt-pt\/o-pescador-barbudo-contado-por-marisa-cofundadora-delta-cultura-diretora-cultural\/","title":{"rendered":"O pescador barbudo (contado por Marisa &#8211; cofundadora Delta Cultura, diretora cultural)"},"content":{"rendered":"\t\t<div data-elementor-type=\"wp-post\" data-elementor-id=\"5261\" class=\"elementor elementor-5261 elementor-3515\" data-elementor-post-type=\"post\">\n\t\t\t\t\t\t<section class=\"elementor-section elementor-top-section elementor-element elementor-element-1edae94f elementor-section-boxed elementor-section-height-default elementor-section-height-default\" data-id=\"1edae94f\" data-element_type=\"section\">\n\t\t\t\t\t\t<div class=\"elementor-container elementor-column-gap-default\">\n\t\t\t\t\t<div class=\"elementor-column elementor-col-100 elementor-top-column elementor-element elementor-element-31b1b663\" data-id=\"31b1b663\" data-element_type=\"column\">\n\t\t\t<div class=\"elementor-widget-wrap elementor-element-populated\">\n\t\t\t\t\t\t<div class=\"elementor-element elementor-element-798f94a2 elementor-widget elementor-widget-text-editor\" data-id=\"798f94a2\" data-element_type=\"widget\" data-widget_type=\"text-editor.default\">\n\t\t\t\t<div class=\"elementor-widget-container\">\n\t\t\t\t\t\t\t\t\t<p>Eu estava sentada com um grupo de crian\u00e7as do jardim de inf\u00e2ncia e est\u00e1vamos a conversar sobre animais. Perguntei \u00e0s crian\u00e7as se elas sabem que animal tem barba e vem do mar. At\u00e9 agora s\u00f3 conhe\u00e7o um animal que encaixa nesta descri\u00e7\u00e3o, a foca. Mas o Carlo conhecia mais um animal: &#8220;Um pescador!&#8221;   <\/p>\n\t\t\t\t\t\t\t\t<\/div>\n\t\t\t\t<\/div>\n\t\t\t\t\t<\/div>\n\t\t<\/div>\n\t\t\t\t\t<\/div>\n\t\t<\/section>\n\t\t\t\t<\/div>\n\t\t","protected":false},"excerpt":{"rendered":"<p>Eu estava sentada com um grupo de crian\u00e7as do jardim de inf\u00e2ncia e est\u00e1vamos a conversar sobre animais. Perguntei \u00e0s crian\u00e7as se elas sabem que animal tem barba e vem do mar. At\u00e9 agora s\u00f3 conhe\u00e7o um animal que encaixa nesta descri\u00e7\u00e3o, a foca. Mas o Carlo conhecia mais um animal: &#8220;Um pescador!&#8221;<\/p>\n","protected":false},"author":1,"featured_media":4976,"comment_status":"closed","ping_status":"closed","sticky":false,"template":"","format":"image","meta":{"inline_featured_image":false,"footnotes":""},"categories":[72],"tags":[],"class_list":["post-5261","post","type-post","status-publish","format-image","has-post-thumbnail","hentry","category-estorias","post_format-post-format-image"],"yoast_head":"<!-- This site is optimized with the Yoast SEO plugin v26.7 - https:\/\/yoast.com\/wordpress\/plugins\/seo\/ -->\n<title>O pescador barbudo (contado por Marisa - cofundadora Delta Cultura, diretora cultural) - Elimina pobreza atrav\u00e9s da Educa\u00e7\u00e3o<\/title>\n<meta name=\"robots\" content=\"index, follow, max-snippet:-1, max-image-preview:large, max-video-preview:-1\" \/>\n<link rel=\"canonical\" href=\"https:\/\/www.deltacultura.org\/pt-pt\/o-pescador-barbudo-contado-por-marisa-cofundadora-delta-cultura-diretora-cultural\/\" \/>\n<meta property=\"og:locale\" content=\"pt_PT\" \/>\n<meta property=\"og:type\" content=\"article\" \/>\n<meta property=\"og:title\" content=\"O pescador barbudo (contado por Marisa - cofundadora Delta Cultura, diretora cultural) - Elimina pobreza atrav\u00e9s da Educa\u00e7\u00e3o\" \/>\n<meta property=\"og:description\" content=\"Eu estava sentada com um grupo de crian\u00e7as do jardim de inf\u00e2ncia e est\u00e1vamos a conversar sobre animais. Perguntei \u00e0s crian\u00e7as se elas sabem que animal tem barba e vem do mar. At\u00e9 agora s\u00f3 conhe\u00e7o um animal que encaixa nesta descri\u00e7\u00e3o, a foca. Mas o Carlo conhecia mais um animal: &#8220;Um pescador!&#8221;\" \/>\n<meta property=\"og:url\" content=\"https:\/\/www.deltacultura.org\/pt-pt\/o-pescador-barbudo-contado-por-marisa-cofundadora-delta-cultura-diretora-cultural\/\" \/>\n<meta property=\"og:site_name\" content=\"Elimina pobreza atrav\u00e9s da Educa\u00e7\u00e3o\" \/>\n<meta property=\"article:publisher\" content=\"https:\/\/www.facebook.com\/deltacultura\" \/>\n<meta property=\"article:published_time\" content=\"2023-09-19T18:30:04+00:00\" \/>\n<meta property=\"article:modified_time\" content=\"2023-09-27T11:48:22+00:00\" \/>\n<meta property=\"og:image\" content=\"https:\/\/www.deltacultura.org\/wp-content\/uploads\/2023\/09\/anekdote_baertige_fischer-scaled.jpg\" \/>\n\t<meta property=\"og:image:width\" content=\"2560\" \/>\n\t<meta property=\"og:image:height\" content=\"1707\" \/>\n\t<meta property=\"og:image:type\" content=\"image\/jpeg\" \/>\n<meta name=\"author\" content=\"admin\" \/>\n<meta name=\"twitter:card\" content=\"summary_large_image\" \/>\n<meta name=\"twitter:creator\" content=\"@deltacultura\" \/>\n<meta name=\"twitter:site\" content=\"@deltacultura\" \/>\n<meta name=\"twitter:label1\" content=\"Escrito por\" \/>\n\t<meta name=\"twitter:data1\" content=\"admin\" \/>\n<script type=\"application\/ld+json\" class=\"yoast-schema-graph\">{\"@context\":\"https:\/\/schema.org\",\"@graph\":[{\"@type\":\"Article\",\"@id\":\"https:\/\/www.deltacultura.org\/pt-pt\/o-pescador-barbudo-contado-por-marisa-cofundadora-delta-cultura-diretora-cultural\/#article\",\"isPartOf\":{\"@id\":\"https:\/\/www.deltacultura.org\/pt-pt\/o-pescador-barbudo-contado-por-marisa-cofundadora-delta-cultura-diretora-cultural\/\"},\"author\":{\"name\":\"admin\",\"@id\":\"https:\/\/www.deltacultura.org\/pt-pt\/#\/schema\/person\/e3c8b6fb54ba7b0bf4d8a13540964c9e\"},\"headline\":\"O pescador barbudo (contado por Marisa &#8211; cofundadora Delta Cultura, diretora cultural)\",\"datePublished\":\"2023-09-19T18:30:04+00:00\",\"dateModified\":\"2023-09-27T11:48:22+00:00\",\"mainEntityOfPage\":{\"@id\":\"https:\/\/www.deltacultura.org\/pt-pt\/o-pescador-barbudo-contado-por-marisa-cofundadora-delta-cultura-diretora-cultural\/\"},\"wordCount\":71,\"publisher\":{\"@id\":\"https:\/\/www.deltacultura.org\/pt-pt\/#organization\"},\"image\":{\"@id\":\"https:\/\/www.deltacultura.org\/pt-pt\/o-pescador-barbudo-contado-por-marisa-cofundadora-delta-cultura-diretora-cultural\/#primaryimage\"},\"thumbnailUrl\":\"https:\/\/www.deltacultura.org\/wp-content\/uploads\/2023\/09\/anekdote_baertige_fischer-scaled.jpg\",\"articleSection\":[\"Est\u00f3rias\"],\"inLanguage\":\"pt-PT\"},{\"@type\":\"WebPage\",\"@id\":\"https:\/\/www.deltacultura.org\/pt-pt\/o-pescador-barbudo-contado-por-marisa-cofundadora-delta-cultura-diretora-cultural\/\",\"url\":\"https:\/\/www.deltacultura.org\/pt-pt\/o-pescador-barbudo-contado-por-marisa-cofundadora-delta-cultura-diretora-cultural\/\",\"name\":\"O pescador barbudo (contado por Marisa - cofundadora Delta Cultura, diretora cultural) - Elimina pobreza atrav\u00e9s da Educa\u00e7\u00e3o\",\"isPartOf\":{\"@id\":\"https:\/\/www.deltacultura.org\/pt-pt\/#website\"},\"primaryImageOfPage\":{\"@id\":\"https:\/\/www.deltacultura.org\/pt-pt\/o-pescador-barbudo-contado-por-marisa-cofundadora-delta-cultura-diretora-cultural\/#primaryimage\"},\"image\":{\"@id\":\"https:\/\/www.deltacultura.org\/pt-pt\/o-pescador-barbudo-contado-por-marisa-cofundadora-delta-cultura-diretora-cultural\/#primaryimage\"},\"thumbnailUrl\":\"https:\/\/www.deltacultura.org\/wp-content\/uploads\/2023\/09\/anekdote_baertige_fischer-scaled.jpg\",\"datePublished\":\"2023-09-19T18:30:04+00:00\",\"dateModified\":\"2023-09-27T11:48:22+00:00\",\"breadcrumb\":{\"@id\":\"https:\/\/www.deltacultura.org\/pt-pt\/o-pescador-barbudo-contado-por-marisa-cofundadora-delta-cultura-diretora-cultural\/#breadcrumb\"},\"inLanguage\":\"pt-PT\",\"potentialAction\":[{\"@type\":\"ReadAction\",\"target\":[\"https:\/\/www.deltacultura.org\/pt-pt\/o-pescador-barbudo-contado-por-marisa-cofundadora-delta-cultura-diretora-cultural\/\"]}]},{\"@type\":\"ImageObject\",\"inLanguage\":\"pt-PT\",\"@id\":\"https:\/\/www.deltacultura.org\/pt-pt\/o-pescador-barbudo-contado-por-marisa-cofundadora-delta-cultura-diretora-cultural\/#primaryimage\",\"url\":\"https:\/\/www.deltacultura.org\/wp-content\/uploads\/2023\/09\/anekdote_baertige_fischer-scaled.jpg\",\"contentUrl\":\"https:\/\/www.deltacultura.org\/wp-content\/uploads\/2023\/09\/anekdote_baertige_fischer-scaled.jpg\",\"width\":2560,\"height\":1707},{\"@type\":\"BreadcrumbList\",\"@id\":\"https:\/\/www.deltacultura.org\/pt-pt\/o-pescador-barbudo-contado-por-marisa-cofundadora-delta-cultura-diretora-cultural\/#breadcrumb\",\"itemListElement\":[{\"@type\":\"ListItem\",\"position\":1,\"name\":\"Startseite\",\"item\":\"https:\/\/www.deltacultura.org\/pt-pt\/\"},{\"@type\":\"ListItem\",\"position\":2,\"name\":\"O pescador barbudo (contado por Marisa &#8211; cofundadora Delta Cultura, diretora cultural)\"}]},{\"@type\":\"WebSite\",\"@id\":\"https:\/\/www.deltacultura.org\/pt-pt\/#website\",\"url\":\"https:\/\/www.deltacultura.org\/pt-pt\/\",\"name\":\"Delta Cultura\",\"description\":\"\",\"publisher\":{\"@id\":\"https:\/\/www.deltacultura.org\/pt-pt\/#organization\"},\"potentialAction\":[{\"@type\":\"SearchAction\",\"target\":{\"@type\":\"EntryPoint\",\"urlTemplate\":\"https:\/\/www.deltacultura.org\/pt-pt\/?s={search_term_string}\"},\"query-input\":{\"@type\":\"PropertyValueSpecification\",\"valueRequired\":true,\"valueName\":\"search_term_string\"}}],\"inLanguage\":\"pt-PT\"},{\"@type\":\"Organization\",\"@id\":\"https:\/\/www.deltacultura.org\/pt-pt\/#organization\",\"name\":\"Delta Cultura\",\"url\":\"https:\/\/www.deltacultura.org\/pt-pt\/\",\"logo\":{\"@type\":\"ImageObject\",\"inLanguage\":\"pt-PT\",\"@id\":\"https:\/\/www.deltacultura.org\/pt-pt\/#\/schema\/logo\/image\/\",\"url\":\"https:\/\/www.deltacultura.org\/wp-content\/uploads\/2023\/11\/Blanco_DeltaCultura.png\",\"contentUrl\":\"https:\/\/www.deltacultura.org\/wp-content\/uploads\/2023\/11\/Blanco_DeltaCultura.png\",\"width\":487,\"height\":160,\"caption\":\"Delta Cultura\"},\"image\":{\"@id\":\"https:\/\/www.deltacultura.org\/pt-pt\/#\/schema\/logo\/image\/\"},\"sameAs\":[\"https:\/\/www.facebook.com\/deltacultura\",\"https:\/\/x.com\/deltacultura\",\"https:\/\/www.instagram.com\/deltacultura\/\",\"https:\/\/www.youtube.com\/channel\/UC4_XsNAaqBgn3R_31jXuwvQ\"]},{\"@type\":\"Person\",\"@id\":\"https:\/\/www.deltacultura.org\/pt-pt\/#\/schema\/person\/e3c8b6fb54ba7b0bf4d8a13540964c9e\",\"name\":\"admin\",\"image\":{\"@type\":\"ImageObject\",\"inLanguage\":\"pt-PT\",\"@id\":\"https:\/\/www.deltacultura.org\/pt-pt\/#\/schema\/person\/image\/\",\"url\":\"https:\/\/secure.gravatar.com\/avatar\/85027c147c95b76e496a23d9c3314584f92f222142b44f934471abf37ca15284?s=96&d=mm&r=g\",\"contentUrl\":\"https:\/\/secure.gravatar.com\/avatar\/85027c147c95b76e496a23d9c3314584f92f222142b44f934471abf37ca15284?s=96&d=mm&r=g\",\"caption\":\"admin\"},\"sameAs\":[\"https:\/\/www.deltacultura.org\"]}]}<\/script>\n<!-- \/ Yoast SEO plugin. -->","yoast_head_json":{"title":"O pescador barbudo (contado por Marisa - cofundadora Delta Cultura, diretora cultural) - Elimina pobreza atrav\u00e9s da Educa\u00e7\u00e3o","robots":{"index":"index","follow":"follow","max-snippet":"max-snippet:-1","max-image-preview":"max-image-preview:large","max-video-preview":"max-video-preview:-1"},"canonical":"https:\/\/www.deltacultura.org\/pt-pt\/o-pescador-barbudo-contado-por-marisa-cofundadora-delta-cultura-diretora-cultural\/","og_locale":"pt_PT","og_type":"article","og_title":"O pescador barbudo (contado por Marisa - cofundadora Delta Cultura, diretora cultural) - Elimina pobreza atrav\u00e9s da Educa\u00e7\u00e3o","og_description":"Eu estava sentada com um grupo de crian\u00e7as do jardim de inf\u00e2ncia e est\u00e1vamos a conversar sobre animais. Perguntei \u00e0s crian\u00e7as se elas sabem que animal tem barba e vem do mar. At\u00e9 agora s\u00f3 conhe\u00e7o um animal que encaixa nesta descri\u00e7\u00e3o, a foca. Mas o Carlo conhecia mais um animal: &#8220;Um pescador!&#8221;","og_url":"https:\/\/www.deltacultura.org\/pt-pt\/o-pescador-barbudo-contado-por-marisa-cofundadora-delta-cultura-diretora-cultural\/","og_site_name":"Elimina pobreza atrav\u00e9s da Educa\u00e7\u00e3o","article_publisher":"https:\/\/www.facebook.com\/deltacultura","article_published_time":"2023-09-19T18:30:04+00:00","article_modified_time":"2023-09-27T11:48:22+00:00","og_image":[{"width":2560,"height":1707,"url":"https:\/\/www.deltacultura.org\/wp-content\/uploads\/2023\/09\/anekdote_baertige_fischer-scaled.jpg","type":"image\/jpeg"}],"author":"admin","twitter_card":"summary_large_image","twitter_creator":"@deltacultura","twitter_site":"@deltacultura","twitter_misc":{"Escrito por":"admin"},"schema":{"@context":"https:\/\/schema.org","@graph":[{"@type":"Article","@id":"https:\/\/www.deltacultura.org\/pt-pt\/o-pescador-barbudo-contado-por-marisa-cofundadora-delta-cultura-diretora-cultural\/#article","isPartOf":{"@id":"https:\/\/www.deltacultura.org\/pt-pt\/o-pescador-barbudo-contado-por-marisa-cofundadora-delta-cultura-diretora-cultural\/"},"author":{"name":"admin","@id":"https:\/\/www.deltacultura.org\/pt-pt\/#\/schema\/person\/e3c8b6fb54ba7b0bf4d8a13540964c9e"},"headline":"O pescador barbudo (contado por Marisa &#8211; cofundadora Delta Cultura, diretora cultural)","datePublished":"2023-09-19T18:30:04+00:00","dateModified":"2023-09-27T11:48:22+00:00","mainEntityOfPage":{"@id":"https:\/\/www.deltacultura.org\/pt-pt\/o-pescador-barbudo-contado-por-marisa-cofundadora-delta-cultura-diretora-cultural\/"},"wordCount":71,"publisher":{"@id":"https:\/\/www.deltacultura.org\/pt-pt\/#organization"},"image":{"@id":"https:\/\/www.deltacultura.org\/pt-pt\/o-pescador-barbudo-contado-por-marisa-cofundadora-delta-cultura-diretora-cultural\/#primaryimage"},"thumbnailUrl":"https:\/\/www.deltacultura.org\/wp-content\/uploads\/2023\/09\/anekdote_baertige_fischer-scaled.jpg","articleSection":["Est\u00f3rias"],"inLanguage":"pt-PT"},{"@type":"WebPage","@id":"https:\/\/www.deltacultura.org\/pt-pt\/o-pescador-barbudo-contado-por-marisa-cofundadora-delta-cultura-diretora-cultural\/","url":"https:\/\/www.deltacultura.org\/pt-pt\/o-pescador-barbudo-contado-por-marisa-cofundadora-delta-cultura-diretora-cultural\/","name":"O pescador barbudo (contado por Marisa - cofundadora Delta Cultura, diretora cultural) - Elimina pobreza atrav\u00e9s da Educa\u00e7\u00e3o","isPartOf":{"@id":"https:\/\/www.deltacultura.org\/pt-pt\/#website"},"primaryImageOfPage":{"@id":"https:\/\/www.deltacultura.org\/pt-pt\/o-pescador-barbudo-contado-por-marisa-cofundadora-delta-cultura-diretora-cultural\/#primaryimage"},"image":{"@id":"https:\/\/www.deltacultura.org\/pt-pt\/o-pescador-barbudo-contado-por-marisa-cofundadora-delta-cultura-diretora-cultural\/#primaryimage"},"thumbnailUrl":"https:\/\/www.deltacultura.org\/wp-content\/uploads\/2023\/09\/anekdote_baertige_fischer-scaled.jpg","datePublished":"2023-09-19T18:30:04+00:00","dateModified":"2023-09-27T11:48:22+00:00","breadcrumb":{"@id":"https:\/\/www.deltacultura.org\/pt-pt\/o-pescador-barbudo-contado-por-marisa-cofundadora-delta-cultura-diretora-cultural\/#breadcrumb"},"inLanguage":"pt-PT","potentialAction":[{"@type":"ReadAction","target":["https:\/\/www.deltacultura.org\/pt-pt\/o-pescador-barbudo-contado-por-marisa-cofundadora-delta-cultura-diretora-cultural\/"]}]},{"@type":"ImageObject","inLanguage":"pt-PT","@id":"https:\/\/www.deltacultura.org\/pt-pt\/o-pescador-barbudo-contado-por-marisa-cofundadora-delta-cultura-diretora-cultural\/#primaryimage","url":"https:\/\/www.deltacultura.org\/wp-content\/uploads\/2023\/09\/anekdote_baertige_fischer-scaled.jpg","contentUrl":"https:\/\/www.deltacultura.org\/wp-content\/uploads\/2023\/09\/anekdote_baertige_fischer-scaled.jpg","width":2560,"height":1707},{"@type":"BreadcrumbList","@id":"https:\/\/www.deltacultura.org\/pt-pt\/o-pescador-barbudo-contado-por-marisa-cofundadora-delta-cultura-diretora-cultural\/#breadcrumb","itemListElement":[{"@type":"ListItem","position":1,"name":"Startseite","item":"https:\/\/www.deltacultura.org\/pt-pt\/"},{"@type":"ListItem","position":2,"name":"O pescador barbudo (contado por Marisa &#8211; cofundadora Delta Cultura, diretora cultural)"}]},{"@type":"WebSite","@id":"https:\/\/www.deltacultura.org\/pt-pt\/#website","url":"https:\/\/www.deltacultura.org\/pt-pt\/","name":"Delta Cultura","description":"","publisher":{"@id":"https:\/\/www.deltacultura.org\/pt-pt\/#organization"},"potentialAction":[{"@type":"SearchAction","target":{"@type":"EntryPoint","urlTemplate":"https:\/\/www.deltacultura.org\/pt-pt\/?s={search_term_string}"},"query-input":{"@type":"PropertyValueSpecification","valueRequired":true,"valueName":"search_term_string"}}],"inLanguage":"pt-PT"},{"@type":"Organization","@id":"https:\/\/www.deltacultura.org\/pt-pt\/#organization","name":"Delta Cultura","url":"https:\/\/www.deltacultura.org\/pt-pt\/","logo":{"@type":"ImageObject","inLanguage":"pt-PT","@id":"https:\/\/www.deltacultura.org\/pt-pt\/#\/schema\/logo\/image\/","url":"https:\/\/www.deltacultura.org\/wp-content\/uploads\/2023\/11\/Blanco_DeltaCultura.png","contentUrl":"https:\/\/www.deltacultura.org\/wp-content\/uploads\/2023\/11\/Blanco_DeltaCultura.png","width":487,"height":160,"caption":"Delta Cultura"},"image":{"@id":"https:\/\/www.deltacultura.org\/pt-pt\/#\/schema\/logo\/image\/"},"sameAs":["https:\/\/www.facebook.com\/deltacultura","https:\/\/x.com\/deltacultura","https:\/\/www.instagram.com\/deltacultura\/","https:\/\/www.youtube.com\/channel\/UC4_XsNAaqBgn3R_31jXuwvQ"]},{"@type":"Person","@id":"https:\/\/www.deltacultura.org\/pt-pt\/#\/schema\/person\/e3c8b6fb54ba7b0bf4d8a13540964c9e","name":"admin","image":{"@type":"ImageObject","inLanguage":"pt-PT","@id":"https:\/\/www.deltacultura.org\/pt-pt\/#\/schema\/person\/image\/","url":"https:\/\/secure.gravatar.com\/avatar\/85027c147c95b76e496a23d9c3314584f92f222142b44f934471abf37ca15284?s=96&d=mm&r=g","contentUrl":"https:\/\/secure.gravatar.com\/avatar\/85027c147c95b76e496a23d9c3314584f92f222142b44f934471abf37ca15284?s=96&d=mm&r=g","caption":"admin"},"sameAs":["https:\/\/www.deltacultura.org"]}]}},"_links":{"self":[{"href":"https:\/\/www.deltacultura.org\/pt-pt\/wp-json\/wp\/v2\/posts\/5261","targetHints":{"allow":["GET"]}}],"collection":[{"href":"https:\/\/www.deltacultura.org\/pt-pt\/wp-json\/wp\/v2\/posts"}],"about":[{"href":"https:\/\/www.deltacultura.org\/pt-pt\/wp-json\/wp\/v2\/types\/post"}],"author":[{"embeddable":true,"href":"https:\/\/www.deltacultura.org\/pt-pt\/wp-json\/wp\/v2\/users\/1"}],"replies":[{"embeddable":true,"href":"https:\/\/www.deltacultura.org\/pt-pt\/wp-json\/wp\/v2\/comments?post=5261"}],"version-history":[{"count":0,"href":"https:\/\/www.deltacultura.org\/pt-pt\/wp-json\/wp\/v2\/posts\/5261\/revisions"}],"wp:featuredmedia":[{"embeddable":true,"href":"https:\/\/www.deltacultura.org\/pt-pt\/wp-json\/wp\/v2\/media\/4976"}],"wp:attachment":[{"href":"https:\/\/www.deltacultura.org\/pt-pt\/wp-json\/wp\/v2\/media?parent=5261"}],"wp:term":[{"taxonomy":"category","embeddable":true,"href":"https:\/\/www.deltacultura.org\/pt-pt\/wp-json\/wp\/v2\/categories?post=5261"},{"taxonomy":"post_tag","embeddable":true,"href":"https:\/\/www.deltacultura.org\/pt-pt\/wp-json\/wp\/v2\/tags?post=5261"}],"curies":[{"name":"wp","href":"https:\/\/api.w.org\/{rel}","templated":true}]}}